{"id":888,"date":"2023-08-31T13:57:47","date_gmt":"2023-08-31T11:57:47","guid":{"rendered":"https:\/\/annapobierowo.pl\/?p=888"},"modified":"2023-08-31T14:38:15","modified_gmt":"2023-08-31T12:38:15","slug":"rewal","status":"publish","type":"post","link":"https:\/\/annapobierowo.pl\/de\/rewal","title":{"rendered":"Rewal"},"content":{"rendered":"<p>Nad polskim wybrze\u017cem Ba\u0142tyku rozci\u0105ga si\u0119 wiele malowniczych miejscowo\u015bci, ale istnieje jedno miejsce, kt\u00f3re zdobywa serca turyst\u00f3w w wyj\u0105tkowy spos\u00f3b. Mowa o Rewalu. Zastanawiasz si\u0119, dlaczego warto sp\u0119dzi\u0107 tu sw\u00f3j wypoczynek? Pozw\u00f3l, \u017ce Ci to przybli\u017c\u0119.<\/p>\n\n\n\n<h3 class=\"wp-block-heading\"><strong>Niezapomniane widoki<\/strong><\/h3>\n\n\n\n<p>Kiedy wyobra\u017casz sobie idealne miejsce na wypoczynek nad morzem, co widzisz przed oczami? Zapewne szerokie, piaszczyste pla\u017ce, b\u0142\u0119kitne morze i zachody s\u0142o\u0144ca, kt\u00f3re zapieraj\u0105 dech w piersiach. Wszystko to, i wiele wi\u0119cej, oferuje Rewal. Klify, kt\u00f3re otaczaj\u0105 miejscowo\u015b\u0107, s\u0105 idealnym punktem obserwacyjnym, sk\u0105d mo\u017cna podziwia\u0107 krajobraz wybrze\u017ca.<\/p>\n\n\n\n<h3 class=\"wp-block-heading\"><strong>Noclegi dla ka\u017cdego<\/strong><\/h3>\n\n\n\n<p>To, co wyr\u00f3\u017cnia w mie\u015bcie <a href=\"https:\/\/noclegi.net.pl\/rewal\" style=\"text-decoration:none, color:#00000\">Rewal noclegi<\/a> na tle innych nadmorskich miejscowo\u015bci, to niesamowita r\u00f3\u017cnorodno\u015b\u0107. Od nowoczesnych apartament\u00f3w, przez urokliwe pensjonaty, a\u017c po kameralne domki letniskowe \u2013 ka\u017cdy znajdzie tu co\u015b dla siebie. W\u0142a\u015bciciele miejsc noclegowych dbaj\u0105 o to, aby ich go\u015bcie czuli si\u0119 wyj\u0105tkowo, oferuj\u0105c nie tylko komfortowe warunki, ale te\u017c liczne atrakcje.<\/p>\n\n\n\n<h3 class=\"wp-block-heading\"><strong>Kultura i historia<\/strong><\/h3>\n\n\n\n<p>Ale Rewal to nie tylko pla\u017ce i noclegi. To tak\u017ce miejsce o bogatej historii i kulturze. Spaceruj\u0105c w\u0105skimi uliczkami miejscowo\u015bci, mo\u017cna natkn\u0105\u0107 si\u0119 na \u015blady dawnych rybak\u00f3w, pozna\u0107 histori\u0119 zabytkowego ko\u015bcio\u0142a czy odwiedzi\u0107 miejscowe muzeum.<\/p>\n\n\n\n<h3 class=\"wp-block-heading\"><strong>Rozrywka dla ka\u017cdego<\/strong><\/h3>\n\n\n\n<p>Dla tych, kt\u00f3rzy pragn\u0105 aktywnego wypoczynku, Rewal oferuje wiele atrakcji. Kitesurfing, jazda konna po pla\u017cy czy wycieczki rowerowe po okolicznych \u015bcie\u017ckach to tylko niekt\u00f3re z propozycji. Wieczorem za\u015b miejscowe bary i kluby zapraszaj\u0105 do ta\u0144ca i zabawy do bia\u0142ego rana.<\/p>\n\n\n\n<figure class=\"wp-block-image size-full is-resized\"><a href=\"https:\/\/noclegi.net.pl\/nad-morzem\"><img loading=\"lazy\" decoding=\"async\" src=\"https:\/\/annapobierowo.pl\/wp-content\/uploads\/2023\/08\/15-08-58-2475.webp\" alt=\"Noclegi nad morzem\" class=\"wp-image-820\" width=\"512\" height=\"384\" srcset=\"https:\/\/annapobierowo.pl\/wp-content\/uploads\/2023\/08\/15-08-58-2475.webp 1024w, https:\/\/annapobierowo.pl\/wp-content\/uploads\/2023\/08\/15-08-58-2475-300x225.webp 300w, https:\/\/annapobierowo.pl\/wp-content\/uploads\/2023\/08\/15-08-58-2475-768x576.webp 768w, https:\/\/annapobierowo.pl\/wp-content\/uploads\/2023\/08\/15-08-58-2475-16x12.webp 16w\" sizes=\"(max-width: 512px) 100vw, 512px\" \/><\/a><\/figure>","protected":false},"excerpt":{"rendered":"<p>Nad polskim wybrze\u017cem Ba\u0142tyku rozci\u0105ga si\u0119 wiele malowniczych miejscowo\u015bci, ale istnieje jedno miejsce, kt\u00f3re zdobywa serca turyst\u00f3w w wyj\u0105tkowy spos\u00f3b. Mowa o Rewalu. Zastanawiasz si\u0119, dlaczego warto sp\u0119dzi\u0107 tu sw\u00f3j wypoczynek? Pozw\u00f3l, \u017ce Ci to przybli\u017c\u0119. Niezapomniane widoki Kiedy wyobra\u017casz sobie idealne miejsce na wypoczynek nad morzem, co widzisz przed oczami? Zapewne szerokie, piaszczyste pla\u017ce, [&hellip;]<\/p>","protected":false},"author":1,"featured_media":889,"comment_status":"open","ping_status":"open","sticky":false,"template":"","format":"standard","meta":{"footnotes":""},"categories":[1],"tags":[],"class_list":["post-888","post","type-post","status-publish","format-standard","has-post-thumbnail","hentry","category-bez-kategorii"],"acf":[],"yoast_head":"<!-- This site is optimized with the Yoast SEO plugin v23.3 - https:\/\/yoast.com\/wordpress\/plugins\/seo\/ -->\n<title>Rewal - Dom Go\u015bcinny Anna<\/title>\n<meta name=\"description\" content=\"B\u0119d\u0105c w Pobierowie warto odwiedzi\u0107 Rewal. Dom Go\u015bcinny Anna zaprasza na wakacje!\" \/>\n<meta name=\"robots\" content=\"index, follow, max-snippet:-1, max-image-preview:large, max-video-preview:-1\" \/>\n<link rel=\"canonical\" href=\"https:\/\/annapobierowo.pl\/de\/rewal\/\" \/>\n<meta property=\"og:locale\" content=\"de_DE\" \/>\n<meta property=\"og:type\" content=\"article\" \/>\n<meta property=\"og:title\" content=\"Rewal - Dom Go\u015bcinny Anna\" \/>\n<meta property=\"og:description\" content=\"B\u0119d\u0105c w Pobierowie warto odwiedzi\u0107 Rewal. Dom Go\u015bcinny Anna zaprasza na wakacje!\" \/>\n<meta property=\"og:url\" content=\"https:\/\/annapobierowo.pl\/de\/rewal\/\" \/>\n<meta property=\"og:site_name\" content=\"Dom Go\u015bcinny Anna\" \/>\n<meta property=\"article:published_time\" content=\"2023-08-31T11:57:47+00:00\" \/>\n<meta property=\"article:modified_time\" content=\"2023-08-31T12:38:15+00:00\" \/>\n<meta property=\"og:image\" content=\"https:\/\/annapobierowo.pl\/wp-content\/uploads\/2023\/08\/zachod-nad-morzem.jpg\" \/>\n\t<meta property=\"og:image:width\" content=\"2000\" \/>\n\t<meta property=\"og:image:height\" content=\"1333\" \/>\n\t<meta property=\"og:image:type\" content=\"image\/jpeg\" \/>\n<meta name=\"author\" content=\"admin\" \/>\n<meta name=\"twitter:card\" content=\"summary_large_image\" \/>\n<meta name=\"twitter:label1\" content=\"Verfasst von\" \/>\n\t<meta name=\"twitter:data1\" content=\"admin\" \/>\n\t<meta name=\"twitter:label2\" content=\"Gesch\u00e4tzte Lesezeit\" \/>\n\t<meta name=\"twitter:data2\" content=\"2\u00a0Minuten\" \/>\n<script type=\"application\/ld+json\" class=\"yoast-schema-graph\">{\"@context\":\"https:\/\/schema.org\",\"@graph\":[{\"@type\":\"WebPage\",\"@id\":\"https:\/\/annapobierowo.pl\/rewal\",\"url\":\"https:\/\/annapobierowo.pl\/rewal\",\"name\":\"Rewal - Dom Go\u015bcinny Anna\",\"isPartOf\":{\"@id\":\"https:\/\/annapobierowo.pl\/#website\"},\"primaryImageOfPage\":{\"@id\":\"https:\/\/annapobierowo.pl\/rewal#primaryimage\"},\"image\":{\"@id\":\"https:\/\/annapobierowo.pl\/rewal#primaryimage\"},\"thumbnailUrl\":\"https:\/\/annapobierowo.pl\/wp-content\/uploads\/2023\/08\/zachod-nad-morzem.jpg\",\"datePublished\":\"2023-08-31T11:57:47+00:00\",\"dateModified\":\"2023-08-31T12:38:15+00:00\",\"author\":{\"@id\":\"https:\/\/annapobierowo.pl\/#\/schema\/person\/c9a8ea9613dbf9868acfd0dc8f79e341\"},\"description\":\"B\u0119d\u0105c w Pobierowie warto odwiedzi\u0107 Rewal. Dom Go\u015bcinny Anna zaprasza na wakacje!\",\"breadcrumb\":{\"@id\":\"https:\/\/annapobierowo.pl\/rewal#breadcrumb\"},\"inLanguage\":\"de\",\"potentialAction\":[{\"@type\":\"ReadAction\",\"target\":[\"https:\/\/annapobierowo.pl\/rewal\"]}]},{\"@type\":\"ImageObject\",\"inLanguage\":\"de\",\"@id\":\"https:\/\/annapobierowo.pl\/rewal#primaryimage\",\"url\":\"https:\/\/annapobierowo.pl\/wp-content\/uploads\/2023\/08\/zachod-nad-morzem.jpg\",\"contentUrl\":\"https:\/\/annapobierowo.pl\/wp-content\/uploads\/2023\/08\/zachod-nad-morzem.jpg\",\"width\":2000,\"height\":1333,\"caption\":\"Morze widziane z Rewala\"},{\"@type\":\"BreadcrumbList\",\"@id\":\"https:\/\/annapobierowo.pl\/rewal#breadcrumb\",\"itemListElement\":[{\"@type\":\"ListItem\",\"position\":1,\"name\":\"Strona g\u0142\u00f3wna\",\"item\":\"https:\/\/annapobierowo.pl\/\"},{\"@type\":\"ListItem\",\"position\":2,\"name\":\"Rewal\"}]},{\"@type\":\"WebSite\",\"@id\":\"https:\/\/annapobierowo.pl\/#website\",\"url\":\"https:\/\/annapobierowo.pl\/\",\"name\":\"Dom Go\u015bcinny Anna\",\"description\":\"\",\"potentialAction\":[{\"@type\":\"SearchAction\",\"target\":{\"@type\":\"EntryPoint\",\"urlTemplate\":\"https:\/\/annapobierowo.pl\/?s={search_term_string}\"},\"query-input\":\"required name=search_term_string\"}],\"inLanguage\":\"de\"},{\"@type\":\"Person\",\"@id\":\"https:\/\/annapobierowo.pl\/#\/schema\/person\/c9a8ea9613dbf9868acfd0dc8f79e341\",\"name\":\"admin\",\"image\":{\"@type\":\"ImageObject\",\"inLanguage\":\"de\",\"@id\":\"https:\/\/annapobierowo.pl\/#\/schema\/person\/image\/\",\"url\":\"https:\/\/secure.gravatar.com\/avatar\/232e9d765c3846f191e45e4177f4dbab?s=96&d=mm&r=g\",\"contentUrl\":\"https:\/\/secure.gravatar.com\/avatar\/232e9d765c3846f191e45e4177f4dbab?s=96&d=mm&r=g\",\"caption\":\"admin\"},\"url\":\"https:\/\/annapobierowo.pl\/de\/author\/admin\"}]}<\/script>\n<!-- \/ Yoast SEO plugin. -->","yoast_head_json":{"title":"Rewal - Dom Go\u015bcinny Anna","description":"B\u0119d\u0105c w Pobierowie warto odwiedzi\u0107 Rewal. Dom Go\u015bcinny Anna zaprasza na wakacje!","robots":{"index":"index","follow":"follow","max-snippet":"max-snippet:-1","max-image-preview":"max-image-preview:large","max-video-preview":"max-video-preview:-1"},"canonical":"https:\/\/annapobierowo.pl\/de\/rewal\/","og_locale":"de_DE","og_type":"article","og_title":"Rewal - Dom Go\u015bcinny Anna","og_description":"B\u0119d\u0105c w Pobierowie warto odwiedzi\u0107 Rewal. Dom Go\u015bcinny Anna zaprasza na wakacje!","og_url":"https:\/\/annapobierowo.pl\/de\/rewal\/","og_site_name":"Dom Go\u015bcinny Anna","article_published_time":"2023-08-31T11:57:47+00:00","article_modified_time":"2023-08-31T12:38:15+00:00","og_image":[{"width":2000,"height":1333,"url":"https:\/\/annapobierowo.pl\/wp-content\/uploads\/2023\/08\/zachod-nad-morzem.jpg","type":"image\/jpeg"}],"author":"admin","twitter_card":"summary_large_image","twitter_misc":{"Verfasst von":"admin","Gesch\u00e4tzte Lesezeit":"2\u00a0Minuten"},"schema":{"@context":"https:\/\/schema.org","@graph":[{"@type":"WebPage","@id":"https:\/\/annapobierowo.pl\/rewal","url":"https:\/\/annapobierowo.pl\/rewal","name":"Rewal - Dom Go\u015bcinny Anna","isPartOf":{"@id":"https:\/\/annapobierowo.pl\/#website"},"primaryImageOfPage":{"@id":"https:\/\/annapobierowo.pl\/rewal#primaryimage"},"image":{"@id":"https:\/\/annapobierowo.pl\/rewal#primaryimage"},"thumbnailUrl":"https:\/\/annapobierowo.pl\/wp-content\/uploads\/2023\/08\/zachod-nad-morzem.jpg","datePublished":"2023-08-31T11:57:47+00:00","dateModified":"2023-08-31T12:38:15+00:00","author":{"@id":"https:\/\/annapobierowo.pl\/#\/schema\/person\/c9a8ea9613dbf9868acfd0dc8f79e341"},"description":"B\u0119d\u0105c w Pobierowie warto odwiedzi\u0107 Rewal. Dom Go\u015bcinny Anna zaprasza na wakacje!","breadcrumb":{"@id":"https:\/\/annapobierowo.pl\/rewal#breadcrumb"},"inLanguage":"de","potentialAction":[{"@type":"ReadAction","target":["https:\/\/annapobierowo.pl\/rewal"]}]},{"@type":"ImageObject","inLanguage":"de","@id":"https:\/\/annapobierowo.pl\/rewal#primaryimage","url":"https:\/\/annapobierowo.pl\/wp-content\/uploads\/2023\/08\/zachod-nad-morzem.jpg","contentUrl":"https:\/\/annapobierowo.pl\/wp-content\/uploads\/2023\/08\/zachod-nad-morzem.jpg","width":2000,"height":1333,"caption":"Morze widziane z Rewala"},{"@type":"BreadcrumbList","@id":"https:\/\/annapobierowo.pl\/rewal#breadcrumb","itemListElement":[{"@type":"ListItem","position":1,"name":"Strona g\u0142\u00f3wna","item":"https:\/\/annapobierowo.pl\/"},{"@type":"ListItem","position":2,"name":"Rewal"}]},{"@type":"WebSite","@id":"https:\/\/annapobierowo.pl\/#website","url":"https:\/\/annapobierowo.pl\/","name":"Dom Go\u015bcinny Anna","description":"","potentialAction":[{"@type":"SearchAction","target":{"@type":"EntryPoint","urlTemplate":"https:\/\/annapobierowo.pl\/?s={search_term_string}"},"query-input":"required name=search_term_string"}],"inLanguage":"de"},{"@type":"Person","@id":"https:\/\/annapobierowo.pl\/#\/schema\/person\/c9a8ea9613dbf9868acfd0dc8f79e341","name":"admin","image":{"@type":"ImageObject","inLanguage":"de","@id":"https:\/\/annapobierowo.pl\/#\/schema\/person\/image\/","url":"https:\/\/secure.gravatar.com\/avatar\/232e9d765c3846f191e45e4177f4dbab?s=96&d=mm&r=g","contentUrl":"https:\/\/secure.gravatar.com\/avatar\/232e9d765c3846f191e45e4177f4dbab?s=96&d=mm&r=g","caption":"admin"},"url":"https:\/\/annapobierowo.pl\/de\/author\/admin"}]}},"_links":{"self":[{"href":"https:\/\/annapobierowo.pl\/de\/wp-json\/wp\/v2\/posts\/888"}],"collection":[{"href":"https:\/\/annapobierowo.pl\/de\/wp-json\/wp\/v2\/posts"}],"about":[{"href":"https:\/\/annapobierowo.pl\/de\/wp-json\/wp\/v2\/types\/post"}],"author":[{"embeddable":true,"href":"https:\/\/annapobierowo.pl\/de\/wp-json\/wp\/v2\/users\/1"}],"replies":[{"embeddable":true,"href":"https:\/\/annapobierowo.pl\/de\/wp-json\/wp\/v2\/comments?post=888"}],"version-history":[{"count":6,"href":"https:\/\/annapobierowo.pl\/de\/wp-json\/wp\/v2\/posts\/888\/revisions"}],"predecessor-version":[{"id":900,"href":"https:\/\/annapobierowo.pl\/de\/wp-json\/wp\/v2\/posts\/888\/revisions\/900"}],"wp:featuredmedia":[{"embeddable":true,"href":"https:\/\/annapobierowo.pl\/de\/wp-json\/wp\/v2\/media\/889"}],"wp:attachment":[{"href":"https:\/\/annapobierowo.pl\/de\/wp-json\/wp\/v2\/media?parent=888"}],"wp:term":[{"taxonomy":"category","embeddable":true,"href":"https:\/\/annapobierowo.pl\/de\/wp-json\/wp\/v2\/categories?post=888"},{"taxonomy":"post_tag","embeddable":true,"href":"https:\/\/annapobierowo.pl\/de\/wp-json\/wp\/v2\/tags?post=888"}],"curies":[{"name":"wp","href":"https:\/\/api.w.org\/{rel}","templated":true}]}}